{"id":2601,"date":"2025-12-27T10:39:55","date_gmt":"2025-12-27T09:39:55","guid":{"rendered":"https:\/\/www.smuzcafe.hu\/?p=2601"},"modified":"2025-12-27T10:44:24","modified_gmt":"2025-12-27T09:44:24","slug":"31-budapesti-programok-a-parlament-es-a-smuz-kornyeken","status":"publish","type":"post","link":"https:\/\/www.smuzcafe.hu\/en\/31-budapesti-programok-a-parlament-es-a-smuz-kornyeken\/","title":{"rendered":"3+1 budapesti programok a Parlament \u00e9s a Sm\u00faz k\u00f6rny\u00e9k\u00e9n"},"content":{"rendered":"<div data-elementor-type=\"wp-post\" data-elementor-id=\"2601\" class=\"elementor elementor-2601\" data-elementor-post-type=\"post\">\n\t\t\t\t<div class=\"elementor-element elementor-element-c99aa3b e-flex e-con-boxed e-con e-parent\" data-id=\"c99aa3b\" data-element_type=\"container\" data-e-type=\"container\" data-settings=\"{&quot;jet_parallax_layout_list&quot;:[]}\">\n\t\t\t\t\t<div class=\"e-con-inner\">\n\t\t\t\t<div class=\"elementor-element elementor-element-4eda37d elementor-widget elementor-widget-text-editor\" data-id=\"4eda37d\" data-element_type=\"widget\" data-e-type=\"widget\" data-widget_type=\"text-editor.default\">\n\t\t\t\t\t\t\t\t\t<p>A budapesti Parlament k\u00f6rny\u00e9ke igazi gy\u00f6ngyszem a f\u0151v\u00e1ros sz\u00edv\u00e9ben, ahol a t\u00f6rt\u00e9nelem, kult\u00fara \u00e9s v\u00e1rosi \u00e9let tal\u00e1lkozik. A Duna-parti s\u00e9ta k\u00f6zben a hull\u00e1mz\u00f3 v\u00edz l\u00e1tv\u00e1nya, a L\u00e1nch\u00edd panor\u00e1m\u00e1ja \u00e9s a monument\u00e1lis Parlament \u00e9p\u00fclete egyszerre ny\u0171g\u00f6zi le a l\u00e1togat\u00f3kat. A k\u00f6rny\u00e9k gazdag l\u00e1tnival\u00f3kban: m\u00fazeumok, gal\u00e9ri\u00e1k \u00e9s szabadt\u00e9ri m\u0171v\u00e9szeti install\u00e1ci\u00f3k v\u00e1rj\u00e1k a felfedez\u0151ket, mik\u00f6zben a parkokban egy pillanatra megpihenhetsz a v\u00e1ros forgatag\u00e1ban.<span class=\"Apple-converted-space\">\u00a0<\/span><\/p>\t\t\t\t\t\t\t\t<\/div>\n\t\t\t\t<div class=\"elementor-element elementor-element-57d2441 elementor-widget elementor-widget-image\" data-id=\"57d2441\" data-element_type=\"widget\" data-e-type=\"widget\" data-widget_type=\"image.default\">\n\t\t\t\t\t\t\t\t\t\t\t\t\t\t\t<img fetchpriority=\"high\" width=\"800\" height=\"1000\" src=\"https:\/\/www.smuzcafe.hu\/wp-content\/uploads\/2025\/12\/specialty-kavezo-budapest-819x1024.webp\" class=\"attachment-large size-large wp-image-2605\" alt=\"specialty k\u00e1v\u00e9z\u00f3 budapest\" decoding=\"async\" srcset=\"https:\/\/www.smuzcafe.hu\/wp-content\/uploads\/2025\/12\/specialty-kavezo-budapest-819x1024.webp 819w, https:\/\/www.smuzcafe.hu\/wp-content\/uploads\/2025\/12\/specialty-kavezo-budapest-560x700.webp 560w, https:\/\/www.smuzcafe.hu\/wp-content\/uploads\/2025\/12\/specialty-kavezo-budapest-768x960.webp 768w, https:\/\/www.smuzcafe.hu\/wp-content\/uploads\/2025\/12\/specialty-kavezo-budapest-10x12.webp 10w, https:\/\/www.smuzcafe.hu\/wp-content\/uploads\/2025\/12\/specialty-kavezo-budapest.webp 1024w\" sizes=\"(max-width: 800px) 100vw, 800px\" \/>\t\t\t\t\t\t\t\t\t\t\t\t\t\t\t<\/div>\n\t\t\t\t\t<\/div>\n\t\t\t\t<\/div>\n\t\t<div class=\"elementor-element elementor-element-916c3b1 e-flex e-con-boxed e-con e-parent\" data-id=\"916c3b1\" data-element_type=\"container\" data-e-type=\"container\" data-settings=\"{&quot;jet_parallax_layout_list&quot;:[]}\">\n\t\t\t\t\t<div class=\"e-con-inner\">\n\t\t\t\t<div class=\"elementor-element elementor-element-4e7e453 elementor-widget elementor-widget-heading\" data-id=\"4e7e453\" data-element_type=\"widget\" data-e-type=\"widget\" data-widget_type=\"heading.default\">\n\t\t\t\t\t<h2 class=\"elementor-heading-title elementor-size-default\">1. Ingyenes programok Budapest sz\u00edv\u00e9ben - l\u00e1tnival\u00f3k a Parlamentn\u00e9l<\/h2>\t\t\t\t<\/div>\n\t\t\t\t<div class=\"elementor-element elementor-element-5745165 elementor-widget elementor-widget-text-editor\" data-id=\"5745165\" data-element_type=\"widget\" data-e-type=\"widget\" data-widget_type=\"text-editor.default\">\n\t\t\t\t\t\t\t\t\t<p>A Parlament \u00e9p\u00fclete \u00f6nmag\u00e1ban is leny\u0171g\u00f6z\u0151: neog\u00f3tikus tornyok, d\u00edszes homlokzat \u00e9s a Duna-parti panor\u00e1ma egy\u00fctt teremtenek felejthetetlen fot\u00f3t\u00e9m\u00e1t. P\u00e1r perces s\u00e9t\u00e1val el\u00e9rhet\u0151 a L\u00e1nch\u00edd \u00e9s a Duna-korz\u00f3, ahol a v\u00e1rosi \u00e9let l\u00fcktet\u00e9s\u00e9t \u00e9rezheted, mik\u00f6zben a v\u00e1ros t\u00f6rt\u00e9nelm\u00e9vel \u00e9s m\u0171v\u00e9szet\u00e9vel tal\u00e1lkozol. A felfedez\u00e9st nem kell megszak\u00edtanod &#8211; a parlamenthez k\u00f6zeli <a href=\"https:\/\/www.smuzcafe.hu\/en\/\">specialty k\u00e1v\u00e9z\u00f3ban Budapest sz\u00edv\u00e9ben<\/a> beszerezheted a finoms\u00e1gokat, \u00edgy s\u00e9t\u00e1l\u00e1s k\u00f6zben mindig lesz mit a kezedben tartani.<\/p><p>A Duna-parti cip\u0151k eml\u00e9km\u0171ve a m\u00e1sodik vil\u00e1gh\u00e1bor\u00fa \u00e1ldozataira eml\u00e9keztet: vasb\u00f3l k\u00e9sz\u00fclt l\u00e1bbelik sora, mely m\u00e9lyen megind\u00edt\u00f3 l\u00e1tv\u00e1ny. A L\u00e1nch\u00edd pesti h\u00eddf\u0151j\u00e9n\u00e9l Kolodko Mih\u00e1ly kort\u00e1rs mini szobra figyelemre m\u00e9lt\u00f3 kontrasztot alkot a klasszikus \u00e9p\u00edt\u00e9szettel, amelyek gyakran a v\u00e1rosi terekhez, h\u00e9tk\u00f6znapi jelenetekhez \u00e9s emberi t\u00f6rt\u00e9netekhez kapcsol\u00f3dnak.<\/p>\t\t\t\t\t\t\t\t<\/div>\n\t\t\t\t\t<\/div>\n\t\t\t\t<\/div>\n\t\t<div class=\"elementor-element elementor-element-7b35190 e-flex e-con-boxed e-con e-parent\" data-id=\"7b35190\" data-element_type=\"container\" data-e-type=\"container\" data-settings=\"{&quot;jet_parallax_layout_list&quot;:[]}\">\n\t\t\t\t\t<div class=\"e-con-inner\">\n\t\t\t\t<div class=\"elementor-element elementor-element-63b95e2 elementor-widget elementor-widget-heading\" data-id=\"63b95e2\" data-element_type=\"widget\" data-e-type=\"widget\" data-widget_type=\"heading.default\">\n\t\t\t\t\t<h2 class=\"elementor-heading-title elementor-size-default\">2. Kult\u00fara, gal\u00e9ri\u00e1k \u00e9s m\u00fazeumok<\/h2>\t\t\t\t<\/div>\n\t\t\t\t<div class=\"elementor-element elementor-element-c68a12e elementor-widget elementor-widget-text-editor\" data-id=\"c68a12e\" data-element_type=\"widget\" data-e-type=\"widget\" data-widget_type=\"text-editor.default\">\n\t\t\t\t\t\t\t\t\t<p>A Parlament k\u00f6rny\u00e9ke b\u0151velkedik m\u00fazeumokban, gal\u00e9ri\u00e1kban \u00e9s sz\u00ednh\u00e1zakban, \u00edgy a kult\u00fara szerelmesei igaz\u00e1n otthon \u00e9rezhetik magukat. Ha m\u00e1r a k\u00f6rny\u00e9ken j\u00e1runk, k\u00e9zenfekv\u0151 a Parlamenti megl\u00e1togat\u00e1sa. A modern m\u0171v\u00e9szetek kedvel\u0151inek a Light Art Museum f\u00e9nyinstall\u00e1ci\u00f3it javasoljuk, melyek interakt\u00edv \u00e9lm\u00e9nyei k\u00fcl\u00f6nleges vizu\u00e1lis utaz\u00e1st k\u00edn\u00e1lnak.<\/p><p>A k\u00f6rny\u00e9k kultur\u00e1lis palett\u00e1j\u00e1t a Madame Tussauds budapesti program sz\u00ednhelye eg\u00e9sz\u00edti ki, ahol h\u00edress\u00e9gek \u00e9letnagys\u00e1g\u00fa figur\u00e1i k\u00f6z\u00f6tt barangolhatsz, \u00e9s sz\u00f3rakoztat\u00f3 interakt\u00edv \u00e9lm\u00e9nyekkel gazdagodhatsz.<\/p><p>Nagyobb s\u00e9tat\u00e1vra el\u00e9rhet\u0151 a Magyar Nemzeti Gal\u00e9ria, ami a magyar k\u00e9pz\u0151m\u0171v\u00e9szet klasszikusait mutatja be, m\u00edg a Retro m\u00fazeum, a m\u00falt hangulat\u00e1t id\u00e9zi, izgalmas kontrasztot teremtve a modern ki\u00e1ll\u00edt\u00e1sokkal<\/p>\t\t\t\t\t\t\t\t<\/div>\n\t\t\t\t<div class=\"elementor-element elementor-element-20b8d49 elementor-widget elementor-widget-image\" data-id=\"20b8d49\" data-element_type=\"widget\" data-e-type=\"widget\" data-widget_type=\"image.default\">\n\t\t\t\t\t\t\t\t\t\t\t\t\t\t\t<img width=\"800\" height=\"600\" src=\"https:\/\/www.smuzcafe.hu\/wp-content\/uploads\/2025\/12\/budapest-progam-szallas.hu_-1024x768.webp\" class=\"attachment-large size-large wp-image-2603\" alt=\"budapest progam\" decoding=\"async\" srcset=\"https:\/\/www.smuzcafe.hu\/wp-content\/uploads\/2025\/12\/budapest-progam-szallas.hu_-1024x768.webp 1024w, https:\/\/www.smuzcafe.hu\/wp-content\/uploads\/2025\/12\/budapest-progam-szallas.hu_-700x525.webp 700w, https:\/\/www.smuzcafe.hu\/wp-content\/uploads\/2025\/12\/budapest-progam-szallas.hu_-768x576.webp 768w, https:\/\/www.smuzcafe.hu\/wp-content\/uploads\/2025\/12\/budapest-progam-szallas.hu_-16x12.webp 16w, https:\/\/www.smuzcafe.hu\/wp-content\/uploads\/2025\/12\/budapest-progam-szallas.hu_.webp 1280w\" sizes=\"(max-width: 800px) 100vw, 800px\" \/>\t\t\t\t\t\t\t\t\t\t\t\t\t\t\t<\/div>\n\t\t\t\t\t<\/div>\n\t\t\t\t<\/div>\n\t\t<div class=\"elementor-element elementor-element-e9c8370 e-flex e-con-boxed e-con e-parent\" data-id=\"e9c8370\" data-element_type=\"container\" data-e-type=\"container\" data-settings=\"{&quot;jet_parallax_layout_list&quot;:[]}\">\n\t\t\t\t\t<div class=\"e-con-inner\">\n\t\t\t\t<div class=\"elementor-element elementor-element-abe9548 elementor-widget elementor-widget-heading\" data-id=\"abe9548\" data-element_type=\"widget\" data-e-type=\"widget\" data-widget_type=\"heading.default\">\n\t\t\t\t\t<h2 class=\"elementor-heading-title elementor-size-default\">3. Budapest programok szabadt\u00e9ren az akt\u00edv kikapcsol\u00f3d\u00e1s\u00e9rt<\/h2>\t\t\t\t<\/div>\n\t\t\t\t<div class=\"elementor-element elementor-element-95a843a elementor-widget elementor-widget-text-editor\" data-id=\"95a843a\" data-element_type=\"widget\" data-e-type=\"widget\" data-widget_type=\"text-editor.default\">\n\t\t\t\t\t\t\t\t\t<p>A Duna-parti s\u00e9t\u00e1ny, a Kossuth t\u00e9r \u00e9s a k\u00f6zeli z\u00f6ldfel\u00fcletek ide\u00e1lis helysz\u00ednt k\u00edn\u00e1lnak pihen\u00e9sre, fot\u00f3z\u00e1sra \u00e9s spont\u00e1n v\u00e1rosi \u00e9lm\u00e9nyekre. N\u00e9h\u00e1ny perc s\u00e9t\u00e1val el\u00e9rhet\u0151 a Szabads\u00e1g t\u00e9r is, amely Budapest egyik legpezsg\u0151bb k\u00f6ztere: rendszeresen ad otthont zenei esem\u00e9nyeknek, kisebb fesztiv\u00e1loknak, szabadt\u00e9ri vet\u00edt\u00e9seknek \u00e9s kultur\u00e1lis programoknak.<\/p><p>Ny\u00e1ron a h\u00e9tv\u00e9g\u00e9ken lez\u00e1rt Pesti als\u00f3 rakpart igazi v\u00e1rosi o\u00e1ziss\u00e1 alakul: aut\u00f3mentes k\u00f6rnyezetben s\u00e9t\u00e1lhatsz vagy bring\u00e1zhatsz a Duna ment\u00e9n, mik\u00f6zben a panor\u00e1ma folyamatosan v\u00e1ltozik el\u0151tted. A k\u00f6rny\u00e9ket ilyenkor szabadt\u00e9ri filmvet\u00edt\u00e9sek, k\u00f6nnyed zenei programok \u00e9s k\u00fcl\u00f6nf\u00e9le pop-up esem\u00e9nyek t\u00f6ltik meg \u00e9lettel.<\/p>\t\t\t\t\t\t\t\t<\/div>\n\t\t\t\t\t<\/div>\n\t\t\t\t<\/div>\n\t\t<div class=\"elementor-element elementor-element-ba52864 e-flex e-con-boxed e-con e-parent\" data-id=\"ba52864\" data-element_type=\"container\" data-e-type=\"container\" data-settings=\"{&quot;jet_parallax_layout_list&quot;:[]}\">\n\t\t\t\t\t<div class=\"e-con-inner\">\n\t\t\t\t<div class=\"elementor-element elementor-element-2af6fdb elementor-widget elementor-widget-heading\" data-id=\"2af6fdb\" data-element_type=\"widget\" data-e-type=\"widget\" data-widget_type=\"heading.default\">\n\t\t\t\t\t<h2 class=\"elementor-heading-title elementor-size-default\">3+1: Specialty k\u00e1v\u00e9z\u00f3 Budapest sz\u00edv\u00e9ben<\/h2>\t\t\t\t<\/div>\n\t\t\t\t<div class=\"elementor-element elementor-element-df3947c elementor-widget elementor-widget-text-editor\" data-id=\"df3947c\" data-element_type=\"widget\" data-e-type=\"widget\" data-widget_type=\"text-editor.default\">\n\t\t\t\t\t\t\t\t\t<p>Miut\u00e1n felfedezted a l\u00e1tnival\u00f3kat, a kult\u00far\u00e1t \u00e9s a parkokat, a Sm\u00faz K\u00e1v\u00e9z\u00f3 t\u00f6k\u00e9letes helysz\u00edn a felt\u00f6lt\u0151d\u00e9sre. Nem csup\u00e1n <a href=\"https:\/\/www.smuzcafe.hu\/en\/menu-2\/\">specialty k\u00e1v\u00e9kkal<\/a> v\u00e1rj\u00e1k a vend\u00e9geket, hanem linner \u00e9tlappal &#8211; p\u00e9ld\u00e1ul guly\u00e1s levessel -, friss s\u00fctem\u00e9nyekkel \u00e9s k\u00fcl\u00f6nleges kokt\u00e9lokkal is.<span class=\"Apple-converted-space\">\u00a0<\/span><\/p><p>At <a href=\"https:\/\/www.smuzcafe.hu\/en\/events\/\">Sm\u00faz esem\u00e9nyei<\/a> &#8211; legyen sz\u00f3 zenei estekr\u0151l, workshopokr\u00f3l vagy pop-up ki\u00e1ll\u00edt\u00e1sokr\u00f3l &#8211; feldobj\u00e1k a v\u00e1rosi \u00e9letet, \u00e9s k\u00fcl\u00f6nleges \u00e9lm\u00e9nyt k\u00edn\u00e1lnak minden l\u00e1togat\u00f3nak. A k\u00e1v\u00e9z\u00f3 hangulatos bels\u0151 tere \u00e9s a v\u00e1rosra ny\u00edl\u00f3 kil\u00e1t\u00e1s garant\u00e1lja, hogy a napot st\u00edlusosan z\u00e1rd egy Strawberry daiquirry-vel.<\/p>\t\t\t\t\t\t\t\t<\/div>\n\t\t\t\t<div class=\"elementor-element elementor-element-05a749e elementor-widget elementor-widget-image\" data-id=\"05a749e\" data-element_type=\"widget\" data-e-type=\"widget\" data-widget_type=\"image.default\">\n\t\t\t\t\t\t\t\t\t\t\t\t\t\t\t<img width=\"800\" height=\"1000\" src=\"https:\/\/www.smuzcafe.hu\/wp-content\/uploads\/2025\/12\/legjobb-koktelok-819x1024.webp\" class=\"attachment-large size-large wp-image-2604\" alt=\"legjobb kokt\u00e9lok\" decoding=\"async\" srcset=\"https:\/\/www.smuzcafe.hu\/wp-content\/uploads\/2025\/12\/legjobb-koktelok-819x1024.webp 819w, https:\/\/www.smuzcafe.hu\/wp-content\/uploads\/2025\/12\/legjobb-koktelok-560x700.webp 560w, https:\/\/www.smuzcafe.hu\/wp-content\/uploads\/2025\/12\/legjobb-koktelok-768x960.webp 768w, https:\/\/www.smuzcafe.hu\/wp-content\/uploads\/2025\/12\/legjobb-koktelok-10x12.webp 10w, https:\/\/www.smuzcafe.hu\/wp-content\/uploads\/2025\/12\/legjobb-koktelok.webp 1024w\" sizes=\"(max-width: 800px) 100vw, 800px\" \/>\t\t\t\t\t\t\t\t\t\t\t\t\t\t\t<\/div>\n\t\t\t\t\t<\/div>\n\t\t\t\t<\/div>\n\t\t\t\t<\/div>","protected":false},"excerpt":{"rendered":"<p>A budapesti Parlament k\u00f6rny\u00e9ke igazi gy\u00f6ngyszem a f\u0151v\u00e1ros sz\u00edv\u00e9ben, ahol a t\u00f6rt\u00e9nelem, kult\u00fara \u00e9s v\u00e1rosi \u00e9let tal\u00e1lkozik. A Duna-parti s\u00e9ta k\u00f6zben a hull\u00e1mz\u00f3 v\u00edz l\u00e1tv\u00e1nya, a L\u00e1nch\u00edd panor\u00e1m\u00e1ja \u00e9s a monument\u00e1lis Parlament \u00e9p\u00fclete egyszerre ny\u0171g\u00f6zi le a l\u00e1togat\u00f3kat. A k\u00f6rny\u00e9k gazdag l\u00e1tnival\u00f3kban: m\u00fazeumok, gal\u00e9ri\u00e1k \u00e9s szabadt\u00e9ri m\u0171v\u00e9szeti install\u00e1ci\u00f3k v\u00e1rj\u00e1k a felfedez\u0151ket, mik\u00f6zben a parkokban egy [&hellip;]<\/p>\n","protected":false},"author":1,"featured_media":0,"comment_status":"open","ping_status":"open","sticky":false,"template":"","format":"standard","meta":{"_acf_changed":false,"footnotes":""},"categories":[11],"tags":[],"class_list":["post-2601","post","type-post","status-publish","format-standard","hentry","category-cikkek"],"acf":[],"_links":{"self":[{"href":"https:\/\/www.smuzcafe.hu\/en\/wp-json\/wp\/v2\/posts\/2601","targetHints":{"allow":["GET"]}}],"collection":[{"href":"https:\/\/www.smuzcafe.hu\/en\/wp-json\/wp\/v2\/posts"}],"about":[{"href":"https:\/\/www.smuzcafe.hu\/en\/wp-json\/wp\/v2\/types\/post"}],"author":[{"embeddable":true,"href":"https:\/\/www.smuzcafe.hu\/en\/wp-json\/wp\/v2\/users\/1"}],"replies":[{"embeddable":true,"href":"https:\/\/www.smuzcafe.hu\/en\/wp-json\/wp\/v2\/comments?post=2601"}],"version-history":[{"count":10,"href":"https:\/\/www.smuzcafe.hu\/en\/wp-json\/wp\/v2\/posts\/2601\/revisions"}],"predecessor-version":[{"id":2614,"href":"https:\/\/www.smuzcafe.hu\/en\/wp-json\/wp\/v2\/posts\/2601\/revisions\/2614"}],"wp:attachment":[{"href":"https:\/\/www.smuzcafe.hu\/en\/wp-json\/wp\/v2\/media?parent=2601"}],"wp:term":[{"taxonomy":"category","embeddable":true,"href":"https:\/\/www.smuzcafe.hu\/en\/wp-json\/wp\/v2\/categories?post=2601"},{"taxonomy":"post_tag","embeddable":true,"href":"https:\/\/www.smuzcafe.hu\/en\/wp-json\/wp\/v2\/tags?post=2601"}],"curies":[{"name":"wp","href":"https:\/\/api.w.org\/{rel}","templated":true}]}}